{"id":2127,"date":"2023-04-12T13:39:35","date_gmt":"2023-04-12T11:39:35","guid":{"rendered":"https:\/\/antra.hu\/?p=2127"},"modified":"2023-04-12T13:39:35","modified_gmt":"2023-04-12T11:39:35","slug":"the-era-of-polycrisis-in-logistics","status":"publish","type":"post","link":"https:\/\/antra.hu\/hu\/the-era-of-polycrisis-in-logistics\/","title":{"rendered":"A polikr\u00edzis korszaka a logisztik\u00e1ban"},"content":{"rendered":"<p><strong>Az innov\u00e1ci\u00f3 szinte m\u00e1r hagyom\u00e1nynak sz\u00e1m\u00edt a logisztik\u00e1ban<\/strong><\/p>\n<p>A nemzetk\u00f6zi trendekkel \u00f6sszhangban a hazai logisztikai \u00e1gazatot is a folyamatos innov\u00e1ci\u00f3 jellemzi. Ennek eddig m\u00e9g sem az orosz-ukr\u00e1n h\u00e1bor\u00fas konfliktus, sem pedig a rendk\u00edv\u00fcli infl\u00e1ci\u00f3s adatok nem tettek keresztbe. A kih\u00edv\u00e1sok ellen\u00e9re teh\u00e1t tov\u00e1bbra is a fejl\u0151d\u00e9s \u00e9s a folyamatos meg\u00fajul\u00e1s jellemzi az \u00e1gazatot.<\/p>\n<p>Az \u00e9let\u00fcnket ugyanis nemcsak a kih\u00edv\u00e1sok \u00e9s a v\u00e1ls\u00e1gok uralj\u00e1k, hanem az Ipar 4.0 korszaka is.  Az innov\u00e1ci\u00f3knak \u00e9s a jelent\u0151s beruh\u00e1z\u00e1soknak k\u00f6sz\u00f6nhet\u0151en  nem ritka a logisztikai szerepl\u0151k exponenci\u00e1lis n\u00f6veked\u00e9se. Tavaly egy sor milli\u00e1rdos logisztikai beruh\u00e1z\u00e1s val\u00f3sult meg, \u00e9s ugyanez v\u00e1rhat\u00f3 az elk\u00f6vetkez\u0151 \u00e9vekben is. Mindazok, akik ezt ma felismerik \u00e9s fejlesztik logisztikai rendszer\u00fcket, versenyel\u0151nyre tehetnek szert.<\/p>\n<p>Az Antra ID Kft., a  Central European Automation Holding (CEAH) b\u00fcszke tagjak\u00e9nt a gy\u00e1rt\u00e1si \u00e9s ell\u00e1t\u00e1si l\u00e1nc folyamatir\u00e1ny\u00edt\u00e1sainak \u00e9sszer\u0171s\u00edt\u00e9se, a sz\u00e1ll\u00edt\u00e1si id\u0151 \u00e9s a m\u0171k\u00f6d\u00e9si k\u00f6lts\u00e9gek reduk\u00e1l\u00e1sa, valamint az emberi munkaer\u0151 sz\u00fcks\u00e9glet\u00e9nek cs\u00f6kkent\u00e9se \u00e9rdek\u00e9ben teljesk\u00f6r\u0171 szolg\u00e1ltat\u00e1sokat ny\u00fajt az intralogisztika ter\u00e9n. Ne feledje: a helyes \u00fat az anyagmozgat\u00e1s automatiz\u00e1l\u00e1sa!<\/p>","protected":false},"excerpt":{"rendered":"<p>M\u00e9g a covid is \u00e9reztette hat\u00e1s\u00e1t a hazai \u00e9s nemzetk\u00f6zi logisztik\u00e1ra, amikor egy \u00e9vvel ezel\u0151tt kit\u00f6rt az orosz-ukr\u00e1n h\u00e1bor\u00fa. Ezut\u00e1n a n\u00f6vekv\u0151 infl\u00e1ci\u00f3 \u00e9s a rekordokat d\u00f6nt\u00f6get\u0151 energia\u00e1rak \u00fajabb komoly neh\u00e9zs\u00e9gek el\u00e9 \u00e1ll\u00edtott\u00e1k az \u00e1gazatot.<\/p>","protected":false},"author":3,"featured_media":2128,"comment_status":"open","ping_status":"open","sticky":false,"template":"","format":"standard","meta":{"footnotes":""},"categories":[12],"tags":[],"class_list":["post-2127","post","type-post","status-publish","format-standard","has-post-thumbnail","hentry","category-news"],"_links":{"self":[{"href":"https:\/\/antra.hu\/hu\/wp-json\/wp\/v2\/posts\/2127","targetHints":{"allow":["GET"]}}],"collection":[{"href":"https:\/\/antra.hu\/hu\/wp-json\/wp\/v2\/posts"}],"about":[{"href":"https:\/\/antra.hu\/hu\/wp-json\/wp\/v2\/types\/post"}],"author":[{"embeddable":true,"href":"https:\/\/antra.hu\/hu\/wp-json\/wp\/v2\/users\/3"}],"replies":[{"embeddable":true,"href":"https:\/\/antra.hu\/hu\/wp-json\/wp\/v2\/comments?post=2127"}],"version-history":[{"count":0,"href":"https:\/\/antra.hu\/hu\/wp-json\/wp\/v2\/posts\/2127\/revisions"}],"wp:featuredmedia":[{"embeddable":true,"href":"https:\/\/antra.hu\/hu\/wp-json\/wp\/v2\/media\/2128"}],"wp:attachment":[{"href":"https:\/\/antra.hu\/hu\/wp-json\/wp\/v2\/media?parent=2127"}],"wp:term":[{"taxonomy":"category","embeddable":true,"href":"https:\/\/antra.hu\/hu\/wp-json\/wp\/v2\/categories?post=2127"},{"taxonomy":"post_tag","embeddable":true,"href":"https:\/\/antra.hu\/hu\/wp-json\/wp\/v2\/tags?post=2127"}],"curies":[{"name":"wp","href":"https:\/\/api.w.org\/{rel}","templated":true}]}}