{"id":1991,"date":"2023-01-11T18:54:56","date_gmt":"2023-01-11T17:54:56","guid":{"rendered":"https:\/\/antra.hu\/?p=1991"},"modified":"2023-09-18T14:24:24","modified_gmt":"2023-09-18T12:24:24","slug":"a-pioneer-in-the-history-of-hungarian-intralogistics","status":"publish","type":"post","link":"https:\/\/antra.hu\/hu\/a-pioneer-in-the-history-of-hungarian-intralogistics\/","title":{"rendered":"NEWtechtalk: \u00datt\u00f6r\u0151 a magyar intralogisztika t\u00f6rt\u00e9net\u00e9ben"},"content":{"rendered":"<p><iframe title=\"\u00datt\u00f6r\u0151 a magyar intralogisztika t\u00f6rt\u00e9net\u00e9ben - NEWtechtalk S02E04\" width=\"800\" height=\"450\" src=\"https:\/\/www.youtube.com\/embed\/XZR6w6J1Ws0?feature=oembed\" frameborder=\"0\" allow=\"accelerometer; autoplay; clipboard-write; encrypted-media; gyroscope; picture-in-picture; web-share\" referrerpolicy=\"strict-origin-when-cross-origin\" allowfullscreen><\/iframe><\/p>\n<p><strong>Az Antra ID alap\u00edt\u00f3i k\u00f6z\u00e9 tartozol, s imm\u00e1r k\u00f6zel harminc \u00e9v telt el az\u00f3ta. Milyen v\u00e1ltoz\u00e1sokon ment kereszt\u00fcl ennyi id\u0151 alatt a technol\u00f3gia, hogyan tudtatok alkalmazkodni az \u00faj ig\u00e9nyekhez?<\/strong><\/p>\n<p>Egy bar\u00e1tommal k\u00f6z\u00f6sen alap\u00edtottuk az Antra ID-t 1996-ban. Az elindul\u00e1st nevezhetj\u00fck startup jelleg\u0171nek is. \u00d6sszesen n\u00e9gyen kezdt\u00fcnk dolgozni, az ir\u00e1nyvonalunk az elnevez\u00e9s\u00fcnkben is megtal\u00e1lhat\u00f3, azaz \u201eidentification\u201d. Az azonos\u00edt\u00e1st pedig ipari szegmensbe helyezt\u00fck, teh\u00e1t logisztika \u00e9s gy\u00e1rt\u00e1s k\u00f6r\u00fcli folyamatokkal kezdt\u00fcnk foglalkozni.<\/p>\n<p>Az automatikus azonos\u00edt\u00e1s a gy\u00e1rt\u00e1sban a vonalk\u00f3d technik\u00e1n alapszik, amely tov\u00e1bbra is tartja mag\u00e1t ebben a szegmensben. Minden technol\u00f3gi\u00e1nak megvan a maga helye. A k\u00fcl\u00f6nb\u00f6z\u0151 met\u00f3dusok k\u00f6z\u00f6tt rengeteg elt\u00e9r\u00e9s fedezhet\u0151 fel, azt kell szem el\u0151tt tartani, hogy a jel\u00f6l\u00e9s mekkora k\u00f6lts\u00e9get jelent, s azt mire haszn\u00e1lj\u00e1k, ezeket sz\u00fcks\u00e9ges harm\u00f3ni\u00e1ban tartani.<\/p>\n<p>Val\u00f3j\u00e1ban akkor indult el a vonalk\u00f3dnyomtat\u00e1s mint technol\u00f3gia, amikor elind\u00edtottuk a v\u00e1llalkoz\u00e1sunkat. Az ipar akkor eg\u00e9szen m\u00e1s k\u00e9pet festett ilyen szempontb\u00f3l. Az els\u0151 nagy indusztri\u00e1lis nyomtat\u00f3nk \u2013 amit v\u00e1s\u00e1roltunk, \u00e9s behoztunk Magyarorsz\u00e1gra \u2013 \u00f3ri\u00e1si m\u00e9retekkel rendelkezett. Ekkor azon gondolkoztunk, mik\u00e9ppen vezethetj\u00fck be a hazai piacra, hogyan adhatjuk el. Akkoriban Magyarorsz\u00e1gon a ker\u00e1miaipar viszonylag er\u0151s volt, ez\u00e9rt \u00fagy gondoltuk, hogy a vonalk\u00f3dnyomtat\u00f3 \u00e1ltal gener\u00e1lt c\u00edmk\u00e9k egyedi term\u00e9kjelz\u00e9sk\u00e9nt haszn\u00e1lhat\u00f3k. Ez\u00e9rt nem hagyom\u00e1nyos form\u00e1t k\u00e9sz\u00edtett\u00fcnk, hanem pillang\u00f3 alak\u00fat. Az elk\u00e9pzel\u00e9s bev\u00e1lt. T\u00edz-tizen\u00f6t helyre post\u00e1ztuk, ebb\u0151l h\u00e1rom c\u00e9g \u00e9rdekl\u0151d\u00e9st mutatott a megold\u00e1s ir\u00e1nt. Kifejezetten sikeress\u00e9 v\u00e1lt e kamp\u00e1nyunk, ugyanis mind a h\u00e1rom v\u00e1llalat v\u00e1s\u00e1rolt t\u0151l\u00fcnk vonalk\u00f3dnyomtat\u00f3t. \u00d6sszess\u00e9g\u00e9ben elmondhat\u00f3, hogy egyszer\u0171 \u00fczenettel sz\u00f3l\u00edtottuk meg a c\u00e9geket, \u00e9s megalapozhattuk a j\u00f6v\u0151nket.<\/p>\n<p>Viszont ipari ter\u00fcletre \u00fagy \u00e9rt\u00e9kes\u00edteni, hogy nem biztos\u00edtjuk a megfelel\u0151 t\u00e1mogat\u00e1st, az r\u00f6vid \u00e9lettartam\u00fa lesz, nem fenntarthat\u00f3 folyamat.<\/p>\n<p><strong>Eleinte c\u00edmkenyomtat\u00f3k \u00e9rt\u00e9kes\u00edt\u00e9s\u00e9vel foglalkoztatok, \u00e9s ezekhez biztos\u00edtott\u00e1tok a megfelel\u0151 t\u00e1mogat\u00e1st. Mik voltak a k\u00f6vetkez\u0151 l\u00e9p\u00e9sek, hogyan jutott el oda az Antra ID, ahol jelenleg tart?<\/strong><\/p>\n<p>A legf\u0151bb automatikus azonos\u00edt\u00e1sra szolg\u00e1l\u00f3 berendez\u00e9s a vonalk\u00f3dnyomtat\u00f3, ugyanis m\u00e9g mindig massz\u00edvan tartja mag\u00e1t a piacon. Az els\u0151 ilyen berendez\u00e9s beszerz\u00e9s\u00e9t k\u00f6vet\u0151en \u00fajabb technol\u00f3giai partnert tal\u00e1ltunk, amely m\u00e9g mai szemmel is fels\u0151 kateg\u00f3ri\u00e1s term\u00e9keket gy\u00e1rtott. Jelenleg a gy\u00e1rt\u00e1sban alapvet\u0151en k\u00e9zi termin\u00e1lokat haszn\u00e1lnak a dolgoz\u00f3k a vonalk\u00f3dok beolvas\u00e1s\u00e1ra, aminek hat\u00e1s\u00e1ra a v\u00e1llalatir\u00e1ny\u00edt\u00e1si rendszer beazonos\u00edtja, illetve ad egy k\u00f6vetkez\u0151 utas\u00edt\u00e1st. Ellenben ma m\u00e1r minden eszk\u00f6z csatlakozik a wifi h\u00e1l\u00f3zatra, ami szerves r\u00e9sz\u00e9t k\u00e9pezi a gy\u00e1ri infrastrukt\u00far\u00e1nak. Azonban abban az id\u0151ben m\u00e9g nem l\u00e9tezett ilyen lehet\u0151s\u00e9g, \u00edgy szabv\u00e1nyok sem tartoztak hozz\u00e1, \u00e1m ez a kanadai c\u00e9g speci\u00e1lis r\u00e1di\u00f3s protokollal fejlesztett ipari rendszert. Ez\u00e1ltal nek\u00fcnk a \u201990-es \u00e9vek v\u00e9g\u00e9n m\u00e1r a birtokunkban volt egy k\u00e9zi termin\u00e1lsziszt\u00e9ma, ami r\u00e1di\u00f3hull\u00e1mon kereszt\u00fcl kommunik\u00e1lt.<\/p>\n<p>\u00c1ltal\u00e1noss\u00e1gban elmondhat\u00f3, hogy a logisztika, gy\u00e1rt\u00e1sszervez\u00e9s \u00e9s az aut\u00f3ipar a t\u00f6bbi \u00e1gazat el\u0151tt j\u00e1r. Ezek nyitottak voltak akkor is a fejleszt\u00e9sekre, ami azt jelentette, hogy sok ilyen rendszert telep\u00edtett\u00fcnk Magyarorsz\u00e1g ter\u00fclet\u00e9n. Ez m\u00e9rf\u00f6ldk\u0151 volt, hiszen bonyolultabb, mint egy vonalk\u00f3dnyomtat\u00f3, \u00e9s akkoriban high-technek sz\u00e1m\u00edtott.<\/p>\n<p>Ennek a r\u00e1di\u00f3s rendszernek a k\u00fcl\u00f6nleges tulajdons\u00e1ga, ami a jelenlegi wifis koncepci\u00f3khoz k\u00e9pest is kiemelked\u0151 volt, hogy egyetlen egys\u00e9ggel k\u00f6r\u00fclbel\u00fcl egykilom\u00e9teres fel\u00fcletet le tudtunk fedni. Ez lehet\u0151v\u00e9 tette, hogy nagyobb kiterjed\u00e9s\u0171 ter\u00fcleteken alkalmazz\u00e1k. Sz\u00e1munkra rendk\u00edv\u00fcl izgalmas volt egy nagy rakt\u00e1rb\u00e1zison egyetlen antenna telep\u00edt\u00e9s\u00e9vel 50-60 k\u00e9zi termin\u00e1lt m\u0171k\u00f6dtetni. Ez a technol\u00f3gia seg\u00edtett minket abban, hogy bejussunk rengeteg multihoz, \u00e9s \u00faj kapcsolatokat hozzunk l\u00e9tre.<\/p>\n<p>Az elm\u00falt \u00e9vekben kezdt\u00fck csak el igaz\u00e1n haszn\u00e1lni, viszont m\u00e1r kor\u00e1bban is jelen volt az ipar 4.0. Akkor m\u00e9g nem e fogalomr\u00f3l besz\u00e9ltek, hanem arr\u00f3l, hogyan tehetik hat\u00e9konyabb\u00e1 a gy\u00e1rt\u00e1si folyamatokat. Hogy n\u00e9zett ki egy automatiz\u00e1lt rendszer akkor, milyen k\u00fcl\u00f6nbs\u00e9geket figyelsz meg a mai viszonylatokkal \u00f6sszehasonl\u00edtva?<\/p>\n<p><strong>Az elm\u00falt \u00e9vekben kezdt\u00fck csak el igaz\u00e1n haszn\u00e1lni, viszont m\u00e1r kor\u00e1bban is jelen volt az ipar 4.0. Akkor m\u00e9g nem e fogalomr\u00f3l besz\u00e9ltek, hanem arr\u00f3l, hogyan tehetik hat\u00e9konyabb\u00e1 a gy\u00e1rt\u00e1si folyamatokat. Hogy n\u00e9zett ki egy automatiz\u00e1lt rendszer akkor, milyen k\u00fcl\u00f6nbs\u00e9geket figyelsz meg a mai viszonylatokkal \u00f6sszehasonl\u00edtva?<\/strong><\/p>\n<p>A munk\u00e1ink sor\u00e1n egyre ink\u00e1bb meg\u00e9rtett\u00fck az ipari c\u00e9gek m\u0171k\u00f6d\u00e9s\u00e9t. Megfigyelt\u00fck, hogy mi az, ami nekik hi\u00e1nyzik, \u00e9s ilyen szemmel kezdt\u00fck j\u00e1rni a vil\u00e1got, a nemzetk\u00f6zi ki\u00e1ll\u00edt\u00e1sokat. \u00cdgy l\u00e1ttuk \u00e1t a f\u0151 tendenci\u00e1kat, hogy a vil\u00e1g merre halad az automatiz\u00e1l\u00e1s ter\u00fclet\u00e9n. Mi a logisztika, illetve a gy\u00e1rt\u00e1s logisztikai r\u00e9sz\u00e9re f\u00f3kusz\u00e1lunk. Ezen ir\u00e1nyvonalon is megjelent, hogy a term\u00e9knek, eszk\u00f6znek, g\u00f6ngy\u00f6legnek \u00e9s m\u00e9g sorolhatn\u00e1nk, milyen t\u00e1rgynak a pontos hely\u00e9t meghat\u00e1rozzuk t\u00e9rben \u00e9s id\u0151ben. Az ezzel kapcsolatosan felmer\u00fcl\u0151 ig\u00e9nyekhez igaz\u00edtva ny\u00fajtunk megold\u00e1sokat, az automata azonos\u00edt\u00e1s technol\u00f3gi\u00e1j\u00e1t k\u00edn\u00e1ljuk.<\/p>\n<p>Az \u00e1ltalunk biztos\u00edtott technol\u00f3gi\u00e1k mind valamilyen r\u00e1di\u00f3s rendszeren alapulnak, amelyek lehet\u0151v\u00e9 teszik a kontaktus n\u00e9lk\u00fcli azonos\u00edt\u00e1st, illetve az adattov\u00e1bb\u00edt\u00e1st. Ez m\u00e9rn\u00f6ki szemmel kifejezetten izgalmas. Az UWB p\u00e9ld\u00e1ul az\u00e9rt lehet hasznos, mert rakt\u00e1ron bel\u00fcl a GPS nem foghat\u00f3 fel. El kell helyezni bizonyos t\u00e1vols\u00e1gokra jelad\u00f3kat, amelyek szinkroniz\u00e1lhat\u00f3k, s ha egy akt\u00edv jelad\u00f3 tal\u00e1lhat\u00f3 egy k\u00f6vetend\u0151 term\u00e9ken, akkor annak a rendszeres helymeghat\u00e1roz\u00e1s\u00e1t h\u00e1romsz\u00f6gel\u00e9ssel v\u00e9gzik el a r\u00e1di\u00f3hull\u00e1m fut\u00e1si idej\u00e9b\u0151l.<\/p>\n<p><strong>Az Antra ID j\u00f6v\u0151\u00e1ll\u00f3 technol\u00f3gi\u00e1k, megold\u00e1sok szak\u00e9rt\u0151j\u00e9v\u00e9 v\u00e1lt az \u00e9vek sor\u00e1n. Hogy l\u00e1tod a logisztika j\u00f6v\u0151j\u00e9t, milyen tendenci\u00e1kat v\u00e1rsz a j\u00f6v\u0151t\u0151l?<\/strong><\/p>\n<p>Az ut\u00f3bbi \u00e9vekben lassult a fejleszt\u00e9si folyamat. \u00d6t \u00e9vvel ezel\u0151tt \u00e9vr\u0151l \u00e9vre \u00fajabb technol\u00f3gi\u00e1k jelentek meg, ami kifejezetten izgalmas id\u0151szak volt. Azonban a koronav\u00edrus, illetve a recesszi\u00f3ba hajl\u00f3 k\u00f6rnyezet visszah\u00fazza az innov\u00e1ci\u00f3k sodr\u00e1t. Jelenleg a gy\u00e1rt\u00f3k egy r\u00e9sze ink\u00e1bb azzal foglalkozik, hogy a term\u00e9keit \u00e1ttervezze. Rengeteg f\u00e9lvezet\u0151 hi\u00e1nyzik, nemcsak mennyis\u00e9gben, hanem t\u00edpusban is. Tov\u00e1bb\u00e1 arra koncentr\u00e1lnak, hogy a sz\u00e9tesett ell\u00e1t\u00e1si l\u00e1ncot reorganiz\u00e1lj\u00e1k. Ez az id\u0151szak ink\u00e1bb a stabiliz\u00e1l\u00f3d\u00e1sr\u00f3l sz\u00f3l.<\/p>\n<p>A megl\u00e9v\u0151 technol\u00f3gia k\u00e9pes ell\u00e1tni a jelenlegi ig\u00e9nyeket. Az Antra ID j\u00f6v\u0151beni tervei k\u00f6zt szerepelhet az a feladat, hogy azon ipar\u00e1gaknak is megmutassa a l\u00e9tez\u0151 m\u00f3dszereket, amelyek felz\u00e1rk\u00f3z\u00e1sra szorulnak az automatiz\u00e1l\u00e1s ter\u00e9n.<\/p>\n<p><em>- N\u00e9methi Botond, NEW technol\u00f3giai magazin<\/em><\/p>","protected":false},"excerpt":{"rendered":"<p>A NEWtechtalk m\u00e1sodik \u00e9vad\u00e1nak negyedik epiz\u00f3dj\u00e1ban az Antra ID egyik alap\u00edt\u00f3j\u00e1val, Ozsvald L\u00e1szl\u00f3val besz\u00e9lgett\u00fcnk. Az intralogisztikai megold\u00e1sokkal foglalkoz\u00f3 rendszerintegr\u00e1tor v\u00e1llalat kor\u00e1bbi technol\u00f3giai igazgat\u00f3ja a c\u00e9g alap\u00edt\u00e1s\u00e1r\u00f3l, az akkori kih\u00edv\u00e1sokr\u00f3l, sikerekr\u0151l, automatiz\u00e1l\u00e1si ig\u00e9nyekr\u0151l osztotta meg tapasztalatait.<\/p>","protected":false},"author":2,"featured_media":1992,"comment_status":"open","ping_status":"open","sticky":false,"template":"","format":"standard","meta":{"footnotes":""},"categories":[12,29],"tags":[],"class_list":["post-1991","post","type-post","status-publish","format-standard","has-post-thumbnail","hentry","category-news","category-podcast"],"_links":{"self":[{"href":"https:\/\/antra.hu\/hu\/wp-json\/wp\/v2\/posts\/1991","targetHints":{"allow":["GET"]}}],"collection":[{"href":"https:\/\/antra.hu\/hu\/wp-json\/wp\/v2\/posts"}],"about":[{"href":"https:\/\/antra.hu\/hu\/wp-json\/wp\/v2\/types\/post"}],"author":[{"embeddable":true,"href":"https:\/\/antra.hu\/hu\/wp-json\/wp\/v2\/users\/2"}],"replies":[{"embeddable":true,"href":"https:\/\/antra.hu\/hu\/wp-json\/wp\/v2\/comments?post=1991"}],"version-history":[{"count":0,"href":"https:\/\/antra.hu\/hu\/wp-json\/wp\/v2\/posts\/1991\/revisions"}],"wp:featuredmedia":[{"embeddable":true,"href":"https:\/\/antra.hu\/hu\/wp-json\/wp\/v2\/media\/1992"}],"wp:attachment":[{"href":"https:\/\/antra.hu\/hu\/wp-json\/wp\/v2\/media?parent=1991"}],"wp:term":[{"taxonomy":"category","embeddable":true,"href":"https:\/\/antra.hu\/hu\/wp-json\/wp\/v2\/categories?post=1991"},{"taxonomy":"post_tag","embeddable":true,"href":"https:\/\/antra.hu\/hu\/wp-json\/wp\/v2\/tags?post=1991"}],"curies":[{"name":"wp","href":"https:\/\/api.w.org\/{rel}","templated":true}]}}